{"id":87,"count":1,"description":"","link":"http:\/\/www.lamdas.lu\/wp\/tag\/personnes-a-mobilite-reduite\/","name":"personnes \u00e0 mobilit\u00e9 r\u00e9duite","slug":"personnes-a-mobilite-reduite","taxonomy":"post_tag","meta":[],"_links":{"self":[{"href":"http:\/\/www.lamdas.lu\/wp\/wp-json\/wp\/v2\/tags\/87","targetHints":{"allow":["GET"]}}],"collection":[{"href":"http:\/\/www.lamdas.lu\/wp\/wp-json\/wp\/v2\/tags"}],"about":[{"href":"http:\/\/www.lamdas.lu\/wp\/wp-json\/wp\/v2\/taxonomies\/post_tag"}],"wp:post_type":[{"href":"http:\/\/www.lamdas.lu\/wp\/wp-json\/wp\/v2\/posts?tags=87"}],"curies":[{"name":"wp","href":"https:\/\/api.w.org\/{rel}","templated":true}]}}